{"id":12,"date":"2010-02-11T00:40:11","date_gmt":"2010-02-10T22:40:11","guid":{"rendered":"http:\/\/www.turismoactivoaltotajo.com\/blog\/?p=12"},"modified":"2010-02-11T12:52:15","modified_gmt":"2010-02-11T10:52:15","slug":"visita-del-presidente-de-castilla-la-mancha-al-parque-natural","status":"publish","type":"post","link":"https:\/\/asdonaventura.com\/blog\/general\/visita-del-presidente-de-castilla-la-mancha-al-parque-natural\/","title":{"rendered":"Visita del presidente de Castilla-La Mancha al Parque Natural."},"content":{"rendered":"<p>El presidente de Castilla-La Mancha,Jos\u00e9 Mar\u00ed Barreda, realiz\u00f3 el pasado 17 de octubre una visita al Parque Natural del Alto Tajo. La visita se inici\u00f3 en el Ayuntamiento de Poveda de la Sierra,donde el presidente mantuvo un encuentro con representantes de los 38<br \/>\nmunicipios del Parque Natural y su \u00e1rea de inf luenc i a soc ioe con\u00f3mi c a ,anunciando la pr\u00f3xima aprobaci\u00f3n de una l\u00ednea de ayudas al desarrollo de los municipios situados en espacios naturales protegidos de la Regi\u00f3n. Desde Poveda, el presidente Barreda se<br \/>\ndesplaz\u00f3 hasta el mirador de Zaorejas, donde pudo contemplar una muestra de la<br \/>\nriqueza ambiental y paisaj\u00edstica del Parque Natural, para proseguir su visita<br \/>\npor el Puente de San Pedro y, remontando el curso del r\u00edo Gallo por el Barranco de<br \/>\nla Hoz, llegar hasta Molina de Arag\u00f3n.Barreda advirti\u00f3 de la n e c e s i d a d d e h a c e r<br \/>\ncompatibles la conservaci\u00f3n de los valores naturales y eldesarrollo sostenible, con la<br \/>\ngeneraci\u00f3n de riqueza, todo ello de la mano de la mejora de infraestructuras, as\u00ed como<br \/>\nde una mejor concepci\u00f3n de los \u00e1mbitos educativo,s a n i t a r i o y c u l t u r a l .<br \/>\n\u00e2\u20ac\u0153 Te n emo s q u e s a b e r organizarnos y aprovechar mejor nuestras posibilidades.<br \/>\nCenso de la poblaci\u00f3n reproductora de alimoche en el Alto Tajo El alimoche (Neophron percnopterus), la m\u00e1s peque\u00f1a de nuestras carro\u00f1eras, ha sido el protagonista de un exhaustivo censo provincial, realizado por la asociaci\u00f3n DALMA y los agentes<br \/>\nmedioambientales, en el que se han localizado un total de 70 parejas, de las<br \/>\nque un 75% nidifica en el Parque Natural.El alimoche, que est\u00e1 experimentando un<br \/>\nacusado declive en toda la Pen\u00ednsula Ib\u00e9rica, principal basti\u00f3n europeo,<br \/>\npresenta en la provincia de Guadalajara una de las pocas poblaciones que<br \/>\npermanecen estables. Actualmente, sus grandes amenazas son la desaparici\u00f3n de<br \/>\nmuladares y clausura de vertederos, as\u00ed como la aplicaci\u00f3n en ellos de venenos,<br \/>\nen concreto raticidas.\u00e2\u20ac\u0153Alto Tajo, labor de un gran r\u00edo\u00e2\u20ac\u009d. Un DVD sobre el Parque Natural.<br \/>\nLa Consejer\u00ed de Medio Ambiente ha adquirido 1.600 copias del DVD \u00e2\u20ac\u0153Alto<br \/>\nTajo, labor de un gran r\u00edo\u00e2\u20ac\u009d, que ha sido producido y editado por \u00e2\u20ac\u0153MBA<br \/>\nComunicaci\u00f3n\u00e2\u20ac\u009d, productora que tiene su sede en Pinilla de Molina. Este DVD,<br \/>\npremiado en diversos cert\u00e1menes de documentales de naturaleza, muestra, a<br \/>\ntrav\u00e9s de tres cap\u00edtulos de media hora de duraci\u00f3n, la riqueza de los valores<br \/>\nnaturales, usos tradicionales y patrimonio hist\u00f3rico-art\u00edstico y etnogr\u00e1fico del Parque Natural del Alto Tajo y su entorno. Las copias adquiridas ser\u00e1n distribuidas a los colegios de la provincia y a los ayuntamientos, a soc i a c ione s , e s t abl e c imi entos<br \/>\nhosteleros y empresas de turismo en la naturaleza de la Comarca del Alto Tajo,<br \/>\ncon el fin de divulgar los valores ambientales del Parque Natural y<br \/>\nfomentar actividades de educaci\u00f3n ambiental y el turismo sostenible en el<br \/>\nParque.Instalaci\u00f3n de se\u00f1ales direccionales.En el mes de octubre se concluy\u00f3 la<br \/>\ninstalaci\u00f3n de los carteles direccionales en los enclaves m\u00e1s transitados por los<br \/>\nvisitantes del Parque. Con la colocaci\u00f3n de \u00e9stos se concluye la primera fase de<br \/>\nse\u00f1alizaci\u00f3n e informaci\u00f3n del Parque Natural.\u00c3\u2030sta ha abarcado la instalaci\u00f3n de<br \/>\ncarteler\u00ed de acceso en las principales entradas, carteles informativos en las<br \/>\ninstalaciones recreativas y principales enclaves de uso p\u00fablico, marcaje y<br \/>\nse\u00f1alizaci\u00f3n de rutas de senderismo y la colocaci\u00f3n de se\u00f1ales direccionales en<br \/>\npistas y carreteras.El Alto Tajo debe ser uno de los escaparates de los que pueda y deba<br \/>\npresumir Castilla-La Mancha\u00e2\u20ac\u009d, concluy\u00f3 el presidente Jos\u00e9 Mar\u00ed Barreda.<\/p>\n<p>Fuente: El Rio que nos lleva<\/p>\n","protected":false},"excerpt":{"rendered":"<p>El presidente de Castilla-La Mancha,Jos\u00e9 Mar\u00ed Barreda, realiz\u00f3 el pasado 17 de octubre una visita al Parque Natural del Alto Tajo. La visita se inici\u00f3 en el Ayuntamiento de Poveda de la Sierra,donde el presidente mantuvo un encuentro con representantes de los 38 municipios del Parque Natural y su \u00e1rea de inf luenc i a [&hellip;]<\/p>\n","protected":false},"author":2,"featured_media":0,"comment_status":"open","ping_status":"open","sticky":false,"template":"","format":"standard","meta":[],"categories":[1],"tags":[],"_links":{"self":[{"href":"https:\/\/asdonaventura.com\/blog\/wp-json\/wp\/v2\/posts\/12"}],"collection":[{"href":"https:\/\/asdonaventura.com\/blog\/wp-json\/wp\/v2\/posts"}],"about":[{"href":"https:\/\/asdonaventura.com\/blog\/wp-json\/wp\/v2\/types\/post"}],"author":[{"embeddable":true,"href":"https:\/\/asdonaventura.com\/blog\/wp-json\/wp\/v2\/users\/2"}],"replies":[{"embeddable":true,"href":"https:\/\/asdonaventura.com\/blog\/wp-json\/wp\/v2\/comments?post=12"}],"version-history":[{"count":0,"href":"https:\/\/asdonaventura.com\/blog\/wp-json\/wp\/v2\/posts\/12\/revisions"}],"wp:attachment":[{"href":"https:\/\/asdonaventura.com\/blog\/wp-json\/wp\/v2\/media?parent=12"}],"wp:term":[{"taxonomy":"category","embeddable":true,"href":"https:\/\/asdonaventura.com\/blog\/wp-json\/wp\/v2\/categories?post=12"},{"taxonomy":"post_tag","embeddable":true,"href":"https:\/\/asdonaventura.com\/blog\/wp-json\/wp\/v2\/tags?post=12"}],"curies":[{"name":"wp","href":"https:\/\/api.w.org\/{rel}","templated":true}]}}