{"id":3,"date":"2019-02-24T00:03:06","date_gmt":"2019-02-23T22:03:06","guid":{"rendered":"http:\/\/www.turismoactivoaltotajo.com\/blog\/?p=3"},"modified":"2015-11-20T12:14:21","modified_gmt":"2015-11-20T11:14:21","slug":"inaguracion-centro-de-zaorejas-fuente-tribuna-digital-guadalajara","status":"publish","type":"post","link":"https:\/\/asdonaventura.com\/blog\/general\/inaguracion-centro-de-zaorejas-fuente-tribuna-digital-guadalajara\/","title":{"rendered":"Inaguraci\u00f3n centro de Zaorejas. (Fuente Tribuna Digital Guadalajara)"},"content":{"rendered":"<h2 class=\"Estilo11\"><\/h2>\n<div>El presidente de Castilla-La Mancha, Jos\u00e9 Mar\u00ed Barreda, inaugur\u00f3 el tercer centro de interpretaci\u00f3n del Alto Tajo, en Zaorejas. Un centro al que precedieron el de Dehesa de Corduente y el de Sequero de Orea, inaugurados en 2006.<br \/>\nEl centro se distribuye en cinco \u00e1reas tem\u00e1ticas que analizan: \u00e2\u20ac\u02dcLa vida en los ca\u00f1ones del Alto Tajo\u00e2\u20ac\u2122, donde se describe desde el origen geol\u00f3gico hasta las distintas especies y formaciones vegetales; \u00e2\u20ac\u02dcEl hombre y el r\u00edo\u00e2\u20ac\u2122, que repasa c\u00f3mo el r\u00edo ha sido empleado como fuente de energ\u00ed, alimento y transporte por el ser humano a lo largo de la historia; \u00e2\u20ac\u02dc1000 kil\u00f3metros de vida-1000 kil\u00f3metros de retos\u00e2\u20ac\u2122, que hace un recorrido integral por el Tajo desde su nacimiento hasta su desembocadura en Lisboa; \u00e2\u20ac\u02dcEl r\u00edo en la cultura\u00e2\u20ac\u2122, que destaca el papel del r\u00edo en la literatura y las tradiciones del Alto Tao; y \u00e2\u20ac\u02dcTajo, agua que une\u00e2\u20ac\u2122, que muestra, en un audiovisual, im\u00e1genes a\u00e9reas del r\u00edo.<br \/>\nLa entrada se realizar\u00e1 por una peque\u00f1a esclusa de menos altura que el resto de la sala a la que se accede. A la derecha del acceso queda la zona de aseos, instalaciones y ascensor. El resto del espacio s\u00f3lo queda interrumpido por un gran muro de hormig\u00f3n sobre el que se recorta la escalera de subida a la terraza ecol\u00f3gica, un patio acristalado y sal\u00f3n de actos.<br \/>\nEl acceso a la planta lleva a una urna de cristal, totalmente transparente, desde donde se inicia el recorrido, otra vez circular, de la terraza gracias a unas pasarelas de madera. En ambas plantas ha predominado la idea de crear unos espacios di\u00e1fanos y vers\u00e1tiles que permitan la inclusi\u00f3n actual del proyecto muse\u00edstico.<br \/>\nLa ejecuci\u00f3n de la obra civil del centro de interpretaci\u00f3n comenz\u00f3 en el a\u00f1o 2007 y cuenta con una superficie de 205 metros cuadrados y ha supuesto una inversi\u00f3n cercana al mill\u00f3n de euros.<br \/>\n\u00c2\u00abEs un centro muy interesante y necesario para comprender lo que significa el Alto Tajo y lo que significa todo el r\u00edo para la pen\u00ednsula ib\u00e9rica. Sin duda alguna, un r\u00edo vertebrador de la mayor parte de la misma\u00c2\u00bb, matiz\u00f3 Barreda.<br \/>\nDel mismo modo, el presidente del Gobierno regional record\u00f3 toda la vida que se ha gestado en torno al r\u00edo Tajo en la provincia y en la comunidad, desde nuestros antepasados hasta que se construyeron los pantanos de Entrepe\u00f1as y Buend\u00ed.<\/div>\n<div align=\"justify\"><\/div>\n<blockquote>\n<p class=\"Estilo2\" align=\"justify\">Coincidiendo con la inauguraci\u00f3n, un grupo de escolares de la ecoescuela de Cifuentes visitaron el Centro guiados por el director del Parque Natural, \u00c3\u0081ngel Vela.<br \/>\nA tal respecto, Barreda se\u00f1al\u00f3 que el centro \u00c2\u00abes una buena manera de hacer pedagog\u00ed para que los ni\u00f1os y ni\u00f1as puedan aprender directamente de una manera f\u00e1cil y bonita\u00c2\u00bb.<br \/>\nEn su visita, el presidente castellano-manchego estuvo acompa\u00f1ado por el alcalde de Zaorejas, Miguel Gil Polo, la presidenta de la Diputaci\u00f3n Provincial, Mar\u00ed Antonia P\u00e9rez Le\u00f3n, el consejero de Ordenaci\u00f3n del Territorio y Vivienda, Juli\u00e1n S\u00e1nchez Pingarr\u00f3n, la consejera de Industria, Energ\u00ed y Medio Ambiente, Paula Fern\u00e1ndez, y el delegado de la Junta, Luis Santiago Tierraseca, entre otros.<\/p>\n<p class=\"Estilo2\" align=\"justify\">\n<\/blockquote>\n","protected":false},"excerpt":{"rendered":"<p>El presidente de Castilla-La Mancha, Jos\u00e9 Mar\u00ed Barreda, inaugur\u00f3 el tercer centro de interpretaci\u00f3n del Alto Tajo, en Zaorejas. Un centro al que precedieron el de Dehesa de Corduente y el de Sequero de Orea, inaugurados en 2006. El centro se distribuye en cinco \u00e1reas tem\u00e1ticas que analizan: \u00e2\u20ac\u02dcLa vida en los ca\u00f1ones del Alto [&hellip;]<\/p>\n","protected":false},"author":1,"featured_media":0,"comment_status":"open","ping_status":"open","sticky":false,"template":"","format":"standard","meta":[],"categories":[17,1],"tags":[],"_links":{"self":[{"href":"https:\/\/asdonaventura.com\/blog\/wp-json\/wp\/v2\/posts\/3"}],"collection":[{"href":"https:\/\/asdonaventura.com\/blog\/wp-json\/wp\/v2\/posts"}],"about":[{"href":"https:\/\/asdonaventura.com\/blog\/wp-json\/wp\/v2\/types\/post"}],"author":[{"embeddable":true,"href":"https:\/\/asdonaventura.com\/blog\/wp-json\/wp\/v2\/users\/1"}],"replies":[{"embeddable":true,"href":"https:\/\/asdonaventura.com\/blog\/wp-json\/wp\/v2\/comments?post=3"}],"version-history":[{"count":1,"href":"https:\/\/asdonaventura.com\/blog\/wp-json\/wp\/v2\/posts\/3\/revisions"}],"predecessor-version":[{"id":102,"href":"https:\/\/asdonaventura.com\/blog\/wp-json\/wp\/v2\/posts\/3\/revisions\/102"}],"wp:attachment":[{"href":"https:\/\/asdonaventura.com\/blog\/wp-json\/wp\/v2\/media?parent=3"}],"wp:term":[{"taxonomy":"category","embeddable":true,"href":"https:\/\/asdonaventura.com\/blog\/wp-json\/wp\/v2\/categories?post=3"},{"taxonomy":"post_tag","embeddable":true,"href":"https:\/\/asdonaventura.com\/blog\/wp-json\/wp\/v2\/tags?post=3"}],"curies":[{"name":"wp","href":"https:\/\/api.w.org\/{rel}","templated":true}]}}